{"id":378,"date":"2019-10-15T12:00:18","date_gmt":"2019-10-15T12:00:18","guid":{"rendered":"http:\/\/www.aujardindesparents.com\/?p=378"},"modified":"2020-12-26T14:51:15","modified_gmt":"2020-12-26T14:51:15","slug":"calendrier-pour-latelier-des-parents-dados-20182019","status":"publish","type":"post","link":"http:\/\/www.aujardindesparents.com\/?p=378","title":{"rendered":"Atelier Comm&rsquo;@dos"},"content":{"rendered":"<p>Au Jardin des Parents vous propose d&rsquo;organiser un atelier comm&rsquo;@dos, l&rsquo;atelier des parents d&rsquo;ados pour d\u00e9couvrir ou approfondir les cl\u00e9s de la communication bienveillante. Si vous voulez en savoir plus, n&rsquo;h\u00e9sitez pas \u00e0 nous contacter.<\/p>\n<p style=\"text-align: left;\">pour toute information : 06 06 66 97 92<br \/>www.aujardindesparents.com<br \/>email : info @ aujardindesparents.com<\/p>\n\n\n<p><\/p>\n","protected":false},"excerpt":{"rendered":"<p>Au Jardin des Parents vous propose d&rsquo;organiser un atelier comm&rsquo;@dos, l&rsquo;atelier des parents d&rsquo;ados pour d\u00e9couvrir ou approfondir les cl\u00e9s de la communication bienveillante. Si vous voulez en savoir plus, n&rsquo;h\u00e9sitez pas \u00e0 nous contacter. pour toute information : 06 &hellip; <a href=\"http:\/\/www.aujardindesparents.com\/?p=378\">Continuer la lecture <span class=\"meta-nav\">&rarr;<\/span><\/a><\/p>\n","protected":false},"author":2,"featured_media":0,"comment_status":"open","ping_status":"open","sticky":false,"template":"","format":"standard","meta":[],"categories":[5],"tags":[],"_links":{"self":[{"href":"http:\/\/www.aujardindesparents.com\/index.php?rest_route=\/wp\/v2\/posts\/378"}],"collection":[{"href":"http:\/\/www.aujardindesparents.com\/index.php?rest_route=\/wp\/v2\/posts"}],"about":[{"href":"http:\/\/www.aujardindesparents.com\/index.php?rest_route=\/wp\/v2\/types\/post"}],"author":[{"embeddable":true,"href":"http:\/\/www.aujardindesparents.com\/index.php?rest_route=\/wp\/v2\/users\/2"}],"replies":[{"embeddable":true,"href":"http:\/\/www.aujardindesparents.com\/index.php?rest_route=%2Fwp%2Fv2%2Fcomments&post=378"}],"version-history":[{"count":6,"href":"http:\/\/www.aujardindesparents.com\/index.php?rest_route=\/wp\/v2\/posts\/378\/revisions"}],"predecessor-version":[{"id":419,"href":"http:\/\/www.aujardindesparents.com\/index.php?rest_route=\/wp\/v2\/posts\/378\/revisions\/419"}],"wp:attachment":[{"href":"http:\/\/www.aujardindesparents.com\/index.php?rest_route=%2Fwp%2Fv2%2Fmedia&parent=378"}],"wp:term":[{"taxonomy":"category","embeddable":true,"href":"http:\/\/www.aujardindesparents.com\/index.php?rest_route=%2Fwp%2Fv2%2Fcategories&post=378"},{"taxonomy":"post_tag","embeddable":true,"href":"http:\/\/www.aujardindesparents.com\/index.php?rest_route=%2Fwp%2Fv2%2Ftags&post=378"}],"curies":[{"name":"wp","href":"https:\/\/api.w.org\/{rel}","templated":true}]}}