{"id":324,"date":"2020-12-25T14:17:00","date_gmt":"2020-12-25T14:17:00","guid":{"rendered":"http:\/\/www.aujardindesparents.com\/?p=324"},"modified":"2020-12-26T14:50:09","modified_gmt":"2020-12-26T14:50:09","slug":"latelier-des-parents-dados","status":"publish","type":"post","link":"http:\/\/www.aujardindesparents.com\/?p=324","title":{"rendered":"L\u2019atelier des Parents d\u2019ados\u2026"},"content":{"rendered":"<div id=\"_mcePaste\">\n<p class=\"Titre1\" style=\"text-align: center;\">\n<p class=\"MsoNormal\" style=\"text-align: justify;\"><span style=\"font-size: 11.0pt; font-family: 'Comic Sans MS';\">L\u2019Atelier des Parents a \u00e9t\u00e9 cr\u00e9\u00e9 par le <strong>Docteur Sophie Benkemoun<\/strong> en 2006 afin de permettre aux parents et aux professionnels de l&rsquo;enfance d&rsquo;avoir acc\u00e8s aux ateliers de communication bienveillante initi\u00e9s par Adele Faber et Elaine Mazlish, bas\u00e9s sur les travaux du Dr Haim Ginott. <\/span><\/p>\n<p class=\"MsoNormal\" style=\"text-align: justify;\"><span style=\"font-size: 11.0pt; font-family: 'Comic Sans MS';\">Apr\u00e8s 7 ann\u00e9es de d\u00e9veloppement, de nombreux \u00e9changes, rencontres, ateliers et conf\u00e9rences, la demande des parents d\u2019ados \u00e9tant toujours plus forte, Sophie Benkemoun s\u2019est entour\u00e9e d\u2019une \u00e9quipe d\u2019experts pour cr\u00e9er un atelier sp\u00e9cialement con\u00e7u pour les parents d\u2019adolescents. <\/span><\/p>\n<p class=\"MsoNormal\" style=\"text-align: justify;\"><span style=\"font-size: 11.0pt; font-family: 'Comic Sans MS';\">Un premier module aborde les relations parents-ados afin de renforcer les comp\u00e9tences g\u00e9n\u00e9rales et relationnelles des parents. Le deuxi\u00e8me module permet d&rsquo;aborder des sujets plus sp\u00e9cifiques, et de renforcer les comp\u00e9tences parentales. <\/span><\/p>\n<p class=\"MsoNormal\" style=\"text-align: justify;\"><strong><em><span style=\"font-size: 11.0pt; font-family: 'Comic Sans MS'; color: #ff420e;\">Au programme des rencontres <\/span><\/em><\/strong><strong><span style=\"font-size: 11.0pt; font-family: 'Comic Sans MS'; color: #ff420e;\">:<\/span><\/strong><\/p>\n<p class=\"MsoNormal\" style=\"text-align: justify;\"><strong><span style=\"font-size: 11.0pt; font-family: 'Comic Sans MS'; color: #0070c0;\">Module 1<\/span><\/strong><\/p>\n<ol style=\"margin-top: 0cm;\" type=\"1\">\n<li class=\"MsoNormal\"><span style=\"font-family: 'Comic Sans MS'; mso-fareast-font-family: 'Times New Roman'; mso-font-kerning: 0pt; mso-fareast-language: FR;\">je d\u00e9couvre mon r\u00f4le de parent&#8230;<\/span><\/li>\n<li class=\"MsoNormal\"><span style=\"font-family: 'Comic Sans MS'; mso-fareast-font-family: 'Times New Roman'; mso-font-kerning: 0pt; mso-fareast-language: FR;\">je d\u00e9limite, je pose le cadre,<\/span><\/li>\n<li class=\"MsoNormal\"><span style=\"font-family: 'Comic Sans MS'; mso-fareast-font-family: 'Times New Roman'; mso-font-kerning: 0pt; mso-fareast-language: FR;\">je d\u00e9code, j&rsquo;apprends \u00e0 \u00e9couter,<\/span><\/li>\n<li class=\"MsoNormal\"><span style=\"font-family: 'Comic Sans MS'; mso-fareast-font-family: 'Times New Roman'; mso-font-kerning: 0pt; mso-fareast-language: FR;\">je d\u00e9cris pour mieux communiquer,<\/span><\/li>\n<li class=\"MsoNormal\"><span style=\"font-family: 'Comic Sans MS'; mso-fareast-font-family: 'Times New Roman'; mso-font-kerning: 0pt; mso-fareast-language: FR;\">je donne du lien.<\/span><\/li>\n<\/ol>\n<p class=\"MsoNormal\" style=\"text-align: justify;\"><strong><span style=\"font-size: 11.0pt; font-family: 'Comic Sans MS'; color: #0070c0;\">Module 2<\/span><\/strong><\/p>\n<ol style=\"margin-top: 0cm;\" type=\"1\">\n<li class=\"MsoNormal\"><span style=\"font-family: 'Comic Sans MS'; mso-fareast-font-family: 'Times New Roman'; mso-font-kerning: 0pt; mso-fareast-language: FR;\">1eres fois et transgressions,<\/span><\/li>\n<li class=\"MsoNormal\"><span style=\"font-family: 'Comic Sans MS'; mso-fareast-font-family: 'Times New Roman'; mso-font-kerning: 0pt; mso-fareast-language: FR;\">estime de soi,<\/span><\/li>\n<li class=\"MsoNormal\"><span style=\"font-family: 'Comic Sans MS'; mso-fareast-font-family: 'Times New Roman'; mso-font-kerning: 0pt; mso-fareast-language: FR;\">autonomie,<\/span><\/li>\n<li class=\"MsoNormal\"><span style=\"font-family: 'Comic Sans MS'; mso-fareast-font-family: 'Times New Roman'; mso-font-kerning: 0pt; mso-fareast-language: FR;\">motivation,<\/span><\/li>\n<li class=\"MsoNormal\"><span style=\"font-family: 'Comic Sans MS'; mso-fareast-font-family: 'Times New Roman'; mso-font-kerning: 0pt; mso-fareast-language: FR;\">le Grand Final.<\/span><\/li>\n<\/ol>\n<p class=\"MsoBodyText\" style=\"margin-bottom: .0001pt;\"><strong><em><span style=\"font-size: 11.0pt; font-family: 'Comic Sans MS'; color: #00ae00;\">Le mat\u00e9riel d&rsquo;atelier comprend&nbsp;: <\/span><\/em><\/strong><\/p>\n<p class=\"MsoBodyText\" style=\"margin-bottom: .0001pt;\"><strong><span style=\"font-size: 11.0pt; font-family: 'Comic Sans MS'; font-weight: normal;\">\u2022&nbsp; un cahier de travail <\/span><\/strong><strong><span style=\"font-size: 11.0pt; font-family: 'Comic Sans MS'; font-weight: normal;\">par module pour chaque participant.<\/span><\/strong><\/p>\n<p class=\"MsoNormal\"><span style=\"font-size: 14.0pt; line-height: 115%; font-family: &amp;amp; quot; color: #17375e; mso-themecolor: text2; mso-themeshade: 191; mso-style-textfill-fill-color: #17375E; mso-style-textfill-fill-themecolor: text2; mso-style-textfill-fill-alpha: 100.0%; mso-style-textfill-fill-colortransforms: lumm=75000;\"> <span style=\"background-position: initial initial; background-repeat: initial initial;\">Pour toute information, n&rsquo;h\u00e9sitez pas \u00e0 nous contacter \u00e0 : info @ aujardindesparents.com<\/span><\/span><\/p>\n<\/div>\n","protected":false},"excerpt":{"rendered":"<p>L\u2019Atelier des Parents a \u00e9t\u00e9 cr\u00e9\u00e9 par le Docteur Sophie Benkemoun en 2006 afin de permettre aux parents et aux professionnels de l&rsquo;enfance d&rsquo;avoir acc\u00e8s aux ateliers de communication bienveillante initi\u00e9s par Adele Faber et Elaine Mazlish, bas\u00e9s sur les &hellip; <a href=\"http:\/\/www.aujardindesparents.com\/?p=324\">Continuer la lecture <span class=\"meta-nav\">&rarr;<\/span><\/a><\/p>\n","protected":false},"author":2,"featured_media":0,"comment_status":"open","ping_status":"open","sticky":false,"template":"","format":"standard","meta":[],"categories":[5],"tags":[],"_links":{"self":[{"href":"http:\/\/www.aujardindesparents.com\/index.php?rest_route=\/wp\/v2\/posts\/324"}],"collection":[{"href":"http:\/\/www.aujardindesparents.com\/index.php?rest_route=\/wp\/v2\/posts"}],"about":[{"href":"http:\/\/www.aujardindesparents.com\/index.php?rest_route=\/wp\/v2\/types\/post"}],"author":[{"embeddable":true,"href":"http:\/\/www.aujardindesparents.com\/index.php?rest_route=\/wp\/v2\/users\/2"}],"replies":[{"embeddable":true,"href":"http:\/\/www.aujardindesparents.com\/index.php?rest_route=%2Fwp%2Fv2%2Fcomments&post=324"}],"version-history":[{"count":16,"href":"http:\/\/www.aujardindesparents.com\/index.php?rest_route=\/wp\/v2\/posts\/324\/revisions"}],"predecessor-version":[{"id":418,"href":"http:\/\/www.aujardindesparents.com\/index.php?rest_route=\/wp\/v2\/posts\/324\/revisions\/418"}],"wp:attachment":[{"href":"http:\/\/www.aujardindesparents.com\/index.php?rest_route=%2Fwp%2Fv2%2Fmedia&parent=324"}],"wp:term":[{"taxonomy":"category","embeddable":true,"href":"http:\/\/www.aujardindesparents.com\/index.php?rest_route=%2Fwp%2Fv2%2Fcategories&post=324"},{"taxonomy":"post_tag","embeddable":true,"href":"http:\/\/www.aujardindesparents.com\/index.php?rest_route=%2Fwp%2Fv2%2Ftags&post=324"}],"curies":[{"name":"wp","href":"https:\/\/api.w.org\/{rel}","templated":true}]}}