{"id":265,"date":"2013-10-14T08:55:45","date_gmt":"2013-10-14T08:55:45","guid":{"rendered":"http:\/\/www.aujardindesparents.com\/?p=265"},"modified":"2020-12-26T15:05:56","modified_gmt":"2020-12-26T15:05:56","slug":"quelques-temoignages","status":"publish","type":"post","link":"http:\/\/www.aujardindesparents.com\/?p=265","title":{"rendered":"Quelques t\u00e9moignages&#8230;"},"content":{"rendered":"<p><span style=\"color: #00ccff;\"><strong>Fabienne (maman de deux petites filles) :<\/strong><\/span><\/p>\n<p><span style=\"color: #00ccff;\"><strong>merci H\u00e9l\u00e8ne de nous avoir donn\u00e9 autant de ton temps, d&rsquo;avoir partag\u00e9 avec nous toutes ces exp\u00e9riences auxquelles tu crois si fort et que tu sais transmettre avec beaucoup de respect; je pense qu&rsquo;avec tous ces m\u00e9mos, ces \u00e9changes, ces lectures cela contribue \u00e0 fa\u00e7onner petit \u00e0 petit notre petite famille bien \u00e0 nous, peut -\u00eatre un peu rock n roll, pas parfaite, mais, unique constitu\u00e9e de personnalit\u00e9s particuli\u00e8res et authentiques.<\/strong><\/span><\/p>\n<p style=\"text-align: center;\"><strong>*****<\/strong><\/p>\n<p style=\"text-align: left;\"><span style=\"color: #a45b8b;\"><strong>Catherine, maman de Hannah (8 ans) et Noah (3 ans).<\/strong><\/span><\/p>\n<p style=\"text-align: left;\"><span style=\"color: #a45b8b;\"><strong>Au fil des ateliers men\u00e9s par Le jardin des parents, la \u00ab\u00a0m\u00e9thode\u00a0\u00bb Faber et Mazlish se r\u00e9v\u00e8le avec efficacit\u00e9. C\u2019est pratique et ludique. J\u2019ai construit une nouvelle relation avec mes enfants, o\u00f9 l\u2019entente et la confiance ont pris le relais du rapport de force. La m\u00e9thode est comme l\u2019apprentissage d\u2019une nouvelle langue vivante. J\u2019ai mis en pratique un nouveau mode de communication, une nouvelle fa\u00e7on d\u2019ordonner mes pens\u00e9es et de choisir mes mots. Quel bonheur d\u2019en voir les r\u00e9sultats et de regarder mes enfants s\u2019\u00e9panouir et se confier \u00e0 nous\u00a0! Quelle joie de faire changer l\u2019humeur de notre fils grognon qui passe de la bouderie au rire en peu de phrases. Quel plaisir de voir notre fille gagner de l\u2019assurance et de l\u2019autonomie par elle m\u00eame\u00a0! La promesse \u00ab\u00a0parents \u00e9panouis, enfants \u00e9panouis\u00a0\u00bb, du titre d\u2019un des ouvrages de Faber et Mazlish, est tenue. Merci pour ce partage\u00a0!<\/strong><\/span><\/p>\n<p style=\"text-align: center;\"><span style=\"color: #a45b8b;\"><strong>*****<\/strong><\/span><\/p>\n<p style=\"text-align: left;\"><span style=\"color: #a45b8b;\"><strong><span style=\"color: #339966;\">V\u00e9ronique (maman de 3 enfants, de 12, 9 et 3 ans)<\/span><\/strong><\/span><\/p>\n<p style=\"text-align: left;\"><span style=\"color: #a45b8b;\"><strong><span style=\"color: #339966;\">J&rsquo;ai pris conscience de situations qui ont pu engendrer des conflits durables. J&rsquo;ai chang\u00e9 mon comportement, j&rsquo;ai appris \u00e0 voir mes enfants diff\u00e9remment.<\/span><\/strong><\/span><\/p>\n<p style=\"text-align: center;\"><span style=\"color: #a45b8b;\"><strong><span style=\"color: #339966;\">*****<\/span><\/strong><\/span><\/p>\n<p style=\"text-align: left;\"><span style=\"color: #a45b8b;\"><strong><span style=\"color: #993300;\">Martine (maman de 2 enfants de 7 et 6 ans)<\/span><\/strong><\/span><\/p>\n<p style=\"text-align: left;\"><span style=\"color: #a45b8b;\"><strong><span style=\"color: #993300;\">Les ateliers nous am\u00e8nent \u00e0 r\u00e9fl\u00e9chir et \u00e0 remettre notre fonctionnement en question en tant que parents.<\/span><\/strong><\/span><\/p>\n<p style=\"text-align: left;\"><span style=\"color: #a45b8b;\"><strong><span style=\"color: #993300;\">Grace aux ateliers, j&rsquo;ai r\u00e9ussi \u00e0 remettre en cause certaines habitudes et certaines exigences que j&rsquo;avais envers mes enfants<\/span><\/strong><\/span><\/p>\n<p style=\"text-align: center;\"><span style=\"color: #a45b8b;\"><strong><span style=\"color: #993300;\">*****<\/span><\/strong><\/span><\/p>\n<p style=\"text-align: left;\"><span style=\"color: #a45b8b;\"><strong><span style=\"color: #993366;\">Fabienne (maman de 3 enfants de 9, 6 et 3 ans)<\/span><\/strong><\/span><\/p>\n<p style=\"text-align: left;\"><span style=\"color: #a45b8b;\"><strong><span style=\"color: #993366;\">Le partage d&rsquo;exp\u00e9rience m&rsquo;a permis de me retrouver et de d\u00e9culpabiliser. C&rsquo;est super de nous laisser ce temps.<\/span><\/strong><\/span><\/p>\n<p style=\"text-align: left;\"><span style=\"color: #a45b8b;\"><strong><span style=\"color: #993366;\">Finalement les habilet\u00e9s sont du bon sens quand on fait le point sur soi et sur nos \u00ab\u00a0malhabilet\u00e9s\u00a0\u00bb.<\/span><\/strong><\/span><\/p>\n<p style=\"text-align: center;\"><span style=\"color: #a45b8b;\"><strong><span style=\"color: #993366;\">*****<\/span><\/strong><\/span><\/p>\n<p style=\"text-align: left;\"><span style=\"color: #a45b8b;\"><strong><span style=\"color: #339966;\">.<\/span><\/strong><\/span><\/p>\n<p style=\"text-align: left;\"><span style=\"color: #a45b8b;\"><strong><span style=\"color: #339966;\">\u00a0<\/span><\/strong><\/span><\/p>\n<p style=\"text-align: center;\">\n<p style=\"text-align: center;\">\n","protected":false},"excerpt":{"rendered":"<p>Fabienne (maman de deux petites filles) : merci H\u00e9l\u00e8ne de nous avoir donn\u00e9 autant de ton temps, d&rsquo;avoir partag\u00e9 avec nous toutes ces exp\u00e9riences auxquelles tu crois si fort et que tu sais transmettre avec beaucoup de respect; je pense &hellip; <a href=\"http:\/\/www.aujardindesparents.com\/?p=265\">Continuer la lecture <span class=\"meta-nav\">&rarr;<\/span><\/a><\/p>\n","protected":false},"author":2,"featured_media":0,"comment_status":"open","ping_status":"open","sticky":false,"template":"","format":"standard","meta":[],"categories":[5],"tags":[],"_links":{"self":[{"href":"http:\/\/www.aujardindesparents.com\/index.php?rest_route=\/wp\/v2\/posts\/265"}],"collection":[{"href":"http:\/\/www.aujardindesparents.com\/index.php?rest_route=\/wp\/v2\/posts"}],"about":[{"href":"http:\/\/www.aujardindesparents.com\/index.php?rest_route=\/wp\/v2\/types\/post"}],"author":[{"embeddable":true,"href":"http:\/\/www.aujardindesparents.com\/index.php?rest_route=\/wp\/v2\/users\/2"}],"replies":[{"embeddable":true,"href":"http:\/\/www.aujardindesparents.com\/index.php?rest_route=%2Fwp%2Fv2%2Fcomments&post=265"}],"version-history":[{"count":32,"href":"http:\/\/www.aujardindesparents.com\/index.php?rest_route=\/wp\/v2\/posts\/265\/revisions"}],"predecessor-version":[{"id":430,"href":"http:\/\/www.aujardindesparents.com\/index.php?rest_route=\/wp\/v2\/posts\/265\/revisions\/430"}],"wp:attachment":[{"href":"http:\/\/www.aujardindesparents.com\/index.php?rest_route=%2Fwp%2Fv2%2Fmedia&parent=265"}],"wp:term":[{"taxonomy":"category","embeddable":true,"href":"http:\/\/www.aujardindesparents.com\/index.php?rest_route=%2Fwp%2Fv2%2Fcategories&post=265"},{"taxonomy":"post_tag","embeddable":true,"href":"http:\/\/www.aujardindesparents.com\/index.php?rest_route=%2Fwp%2Fv2%2Ftags&post=265"}],"curies":[{"name":"wp","href":"https:\/\/api.w.org\/{rel}","templated":true}]}}