{"id":178,"date":"2020-12-24T14:27:00","date_gmt":"2020-12-24T14:27:00","guid":{"rendered":"http:\/\/www.aujardindesparents.com\/?p=178"},"modified":"2022-03-17T15:00:47","modified_gmt":"2022-03-17T15:00:47","slug":"petit-mot-de-lanimatrice-des-ateliers","status":"publish","type":"post","link":"http:\/\/www.aujardindesparents.com\/?p=178","title":{"rendered":"Petit mot de l&rsquo;animatrice des ateliers"},"content":{"rendered":"<p>Je m&rsquo;appelle H\u00e9l\u00e8ne Borgard et je suis aujourd\u2019hui maman de quatre enfants de 15 \u00e0 23 ans.<\/p>\n<p>Mes \u00e9tudes dans une \u00c9cole de Commerce m\u2019ont permis d\u2019exercer \u00e0 des postes de responsable marketing et communication pendant quelques ann\u00e9es. Puis, \u00e0 la naissance de mon premier enfant, j\u2019ai pris un cong\u00e9 parental, lequel s\u2019est finalement prolong\u00e9 pendant 11 ann\u00e9es, me permettant de m&rsquo;occuper pleinement de mes quatre petits z\u00e8bres.<\/p>\n<p>Durant cette p\u00e9riode, je me suis particuli\u00e8rement int\u00e9ress\u00e9e \u00e0 l&rsquo;\u00e9veil, \u00e0 l&rsquo;\u00e9ducation et aux apprentissages (P\u00e9dagogies Cuisenaire,\u00a0 Jean qui Rit, et plus r\u00e9cemment P\u00e9dagogie des Gestes Mentaux&#8230;), ainsi qu&rsquo;\u00e0 la communication familiale\u00a0 (Parcours AMC ressources puis ateliers d&rsquo;entrainement aux habilet\u00e9s parentales Faber et Mazlish et formations de l&rsquo;Atelier des parents&#8230;).<\/p>\n<p>En parall\u00e8le, j&rsquo;ai pr\u00e9sid\u00e9 des associations d\u00e9di\u00e9es aux parents et \u00e0 la petite enfance (structure de type Maison Verte de Dolto, ateliers de \u00ab gymnastique \u00bb accueillant les parents avec leur enfant de 1 \u00e0 4 ans&#8230;).<a href=\"http:\/\/www.aujardindesparents.com\/wp-content\/uploads\/2011\/11\/IMG_1295.jpg\"><img loading=\"lazy\" class=\"alignright size-thumbnail wp-image-189\" title=\"IMG_1295\" src=\"http:\/\/www.aujardindesparents.com\/wp-content\/uploads\/2011\/11\/IMG_1295-150x150.jpg\" alt=\"\" width=\"150\" height=\"150\" \/><\/a><\/p>\n<p>De toutes ces exp\u00e9riences et rencontres, l&rsquo;approche des ateliers Faber et Mazlish et de l&rsquo;Atelier des Parents m\u2019a particuli\u00e8rement touch\u00e9e. Ces parcours, ces rencontres, ces habilet\u00e9s, ces cl\u00e9s -de bon sens, efficaces, pratiques- m&rsquo;ont bien entendu beaucoup aid\u00e9e dans le quotidien car avec quatre enfants \u00e0 la maison, les occasions de se f\u00e2cher, f\u00e9liciter, argumenter, crier,\u00a0 r\u00e9conforter ou de s&rsquo;\u00e9nerver ne manquent pas !<\/p>\n<p>Maintenant, je suis ravie de partager tous ces outils, si utiles et pr\u00e9cieux, toutes ces astuces, avec tous ceux et celles qui s&rsquo;interrogent sur les relations que nous mettons en place avec notre entourage, en particulier avec nos enfants. Ensemble, Au Jardin des Parents, dans une atmosph\u00e8re conviviale et bienveillante, je vous invite \u00e0 venir \u00e9changer, partager, d\u00e9couvrir et apprendre une autre fa\u00e7on de parler et d&rsquo;\u00e9couter, comme nous y convient les auteurs des diff\u00e9rents ateliers.<\/p>\n<p>Depuis quelques ann\u00e9es, nous animons avec Alice et Sandrine, un caf\u00e9 des parents d&rsquo;enfants \u00e0 haut potentiel. Il a lieu \u00e0 Orsay et est ouvert \u00e0 tous les parents qui se sentent concern\u00e9s et ont envie de partager leur exp\u00e9rience et d&rsquo;\u00e9changer.<\/p>\n<p>Pour me contacter, \u00e9crivez moi \u00e0 info @ aujardindesparents.com.<\/p>\n<p>Au plaisir de vous rencontrer,<\/p>\n<p>H\u00e9l\u00e8ne<\/p>\n","protected":false},"excerpt":{"rendered":"<p>Je m&rsquo;appelle H\u00e9l\u00e8ne Borgard et je suis aujourd\u2019hui maman de quatre enfants de 15 \u00e0 23 ans. Mes \u00e9tudes dans une \u00c9cole de Commerce m\u2019ont permis d\u2019exercer \u00e0 des postes de responsable marketing et communication pendant quelques ann\u00e9es. Puis, \u00e0 &hellip; <a href=\"http:\/\/www.aujardindesparents.com\/?p=178\">Continuer la lecture <span class=\"meta-nav\">&rarr;<\/span><\/a><\/p>\n","protected":false},"author":2,"featured_media":0,"comment_status":"open","ping_status":"open","sticky":false,"template":"","format":"standard","meta":[],"categories":[4],"tags":[],"_links":{"self":[{"href":"http:\/\/www.aujardindesparents.com\/index.php?rest_route=\/wp\/v2\/posts\/178"}],"collection":[{"href":"http:\/\/www.aujardindesparents.com\/index.php?rest_route=\/wp\/v2\/posts"}],"about":[{"href":"http:\/\/www.aujardindesparents.com\/index.php?rest_route=\/wp\/v2\/types\/post"}],"author":[{"embeddable":true,"href":"http:\/\/www.aujardindesparents.com\/index.php?rest_route=\/wp\/v2\/users\/2"}],"replies":[{"embeddable":true,"href":"http:\/\/www.aujardindesparents.com\/index.php?rest_route=%2Fwp%2Fv2%2Fcomments&post=178"}],"version-history":[{"count":35,"href":"http:\/\/www.aujardindesparents.com\/index.php?rest_route=\/wp\/v2\/posts\/178\/revisions"}],"predecessor-version":[{"id":454,"href":"http:\/\/www.aujardindesparents.com\/index.php?rest_route=\/wp\/v2\/posts\/178\/revisions\/454"}],"wp:attachment":[{"href":"http:\/\/www.aujardindesparents.com\/index.php?rest_route=%2Fwp%2Fv2%2Fmedia&parent=178"}],"wp:term":[{"taxonomy":"category","embeddable":true,"href":"http:\/\/www.aujardindesparents.com\/index.php?rest_route=%2Fwp%2Fv2%2Fcategories&post=178"},{"taxonomy":"post_tag","embeddable":true,"href":"http:\/\/www.aujardindesparents.com\/index.php?rest_route=%2Fwp%2Fv2%2Ftags&post=178"}],"curies":[{"name":"wp","href":"https:\/\/api.w.org\/{rel}","templated":true}]}}