{"id":16,"date":"2010-11-22T10:43:00","date_gmt":"2010-11-22T10:43:00","guid":{"rendered":"http:\/\/www.aujardindesparents.com\/?p=16"},"modified":"2020-12-26T15:02:37","modified_gmt":"2020-12-26T15:02:37","slug":"les-ateliers-faber-et-mazlish","status":"publish","type":"post","link":"http:\/\/www.aujardindesparents.com\/?p=16","title":{"rendered":"Les ateliers Faber et Mazlish"},"content":{"rendered":"<p><!-- p { margin-bottom: 0.21cm; } --><\/p>\n<p><!-- p { margin-bottom: 0.21cm; } --><span style=\"font-family: Comic Sans MS,cursive;\"><span style=\"font-size: small;\"><span style=\"font-size: medium;\">Apr\u00e8s <\/span><span style=\"font-size: medium;\">plus de cinq<\/span><span style=\"font-size: medium;\"> ann\u00e9es de participation au groupe de guidance parentale anim\u00e9 par le <strong>Dr Haim Ginott<\/strong>, psychologue pour enfants et p\u00e8re de la communication efficace, <\/span><strong><span style=\"font-size: medium;\">Adele Faber<\/span><\/strong><span style=\"font-size: medium;\"> et <\/span><strong><span style=\"font-size: medium;\">Elaine Mazlish<\/span><\/strong><span style=\"font-size: medium;\"> ont r<\/span><span style=\"font-size: medium;\">acont\u00e9<\/span><span style=\"font-size: medium;\"> leur exp\u00e9rience dans <\/span><span style=\"color: #280099;\"><span style=\"font-size: medium;\"><em>\u00ab <\/em><\/span><\/span><span style=\"color: #280099;\"><span style=\"font-size: medium;\"><em><strong>Parents \u00e9panouis, enfants \u00e9panouis <\/strong><\/em><\/span><\/span><span style=\"color: #280099;\"><span style=\"font-size: medium;\"><em>\u00bb<\/em><\/span><\/span><span style=\"font-size: medium;\">. <\/span><\/span><\/span><\/p>\n<p><span style=\"font-family: Comic Sans MS,cursive;\"><span style=\"font-size: medium;\">Ce livre a \u00e9t\u00e9 plusieurs fois prim\u00e9 puis suivi d&rsquo;autres publications. Depuis, les auteurs ont parcouru les USA animant \u00e0 leur tour conf\u00e9rences et ateliers pour les parents et les professionnels de l&rsquo;enfance.<\/span><\/span><\/p>\n<p><span style=\"font-family: Comic Sans MS,cursive;\"><span style=\"font-size: medium;\">Les livres et ateliers ont \u00e9t\u00e9 traduits en Fran\u00e7ais par la canadienne <strong>Roseline Roy<\/strong> et introduits en France par le docteur <strong>Sophie Benkemoun<\/strong>. Cette derni\u00e8re donne des conf\u00e9rences, forme des animatrices et anime \u00e9galement des ateliers en France et en Belgique.<\/span><\/span><\/p>\n<p><span style=\"color: #00ae00;\"><span style=\"font-family: Comic Sans MS,cursive;\"><span style=\"font-size: medium;\"><em><strong>Objectif des ateliers :<\/strong><\/em><\/span><\/span><\/span><\/p>\n<p><span style=\"font-family: Comic Sans MS,cursive;\"><span style=\"font-size: medium;\"> Ces programmes visent \u00e0 faire <strong>d\u00e9couvrir de nouvelles techniques de communication concr\u00e8tes, pratiques et surtout efficaces, applicables dans la vie quotidienne, qui facilitent les relations <\/strong><strong>adultes<\/strong><strong>-enfants. <\/strong><\/span><\/span><\/p>\n<p><span style=\"color: #ff6309;\"><span style=\"font-family: Comic Sans MS,cursive;\"><span style=\"font-size: medium;\"><em><strong>Un espace d&rsquo;\u00e9change et de partage<\/strong><\/em> : <\/span><\/span><\/span><\/p>\n<p><span style=\"font-family: Comic Sans MS,cursive;\"><span style=\"font-size: medium;\"> Au cours de chaque rencontre, chacun peut <strong>partager<\/strong> les exp\u00e9riences souvent joyeuses, parfois difficiles, qu&rsquo;il a faites aupr\u00e8s de ses enfants ou de son entourage. Le groupe accueille ces r\u00e9cits avec un <strong>esprit bienveillant<\/strong> et s&rsquo;enrichit de ces mises en pratique.<\/span><\/span><\/p>\n<p><span style=\"color: #00ae00;\"><span style=\"font-family: Comic Sans MS,cursive;\"><span style=\"font-size: medium;\"><em><strong>Une prise de conscience de nos habitudes de communication :<\/strong><\/em><\/span><\/span><\/span><\/p>\n<p><span style=\"font-family: Comic Sans MS,cursive;\"><span style=\"font-size: medium;\"> Au travers des jeux de r\u00f4le, des lectures ou des exercices propos\u00e9s, chaque participant prend conscience de ses habitudes de communication, des effets possibles chez son interlocuteur et des possibilit\u00e9s de changement.<\/span><\/span><\/p>\n<p><span style=\"color: #ff6309;\"><span style=\"font-family: Comic Sans MS,cursive;\"><span style=\"font-size: medium;\"><em><strong>La d\u00e9couverte et l&rsquo;apprentissage de nouveaux r\u00e9flexes de communication :<\/strong><\/em><\/span><\/span><\/span><\/p>\n<p><strong><span style=\"font-family: Comic Sans MS,cursive;\"><span style=\"font-size: medium;\"> Les outils de communication <\/span><\/span><\/strong><strong><span style=\"font-family: Comic Sans MS,cursive;\"><span style=\"font-size: medium;\">ou \u00ab\u00a0<strong>habilet\u00e9s<\/strong> \u00bb<\/span><\/span><\/strong><strong><span style=\"font-family: Comic Sans MS,cursive;\"><span style=\"font-size: medium;\"> sont pr\u00e9sent\u00e9s sous forme de<strong> bandes dessin\u00e9es<\/strong> mettant en sc\u00e8ne des parents avec leur enfant dans leur <strong>vie quotidienne<\/strong> <\/span><\/span><\/strong><strong><span style=\"font-family: Comic Sans MS,cursive;\"><span style=\"font-size: medium;\">ou des adultes en relation avec des enfants dans le cadre professionnel<\/span><\/span><\/strong><strong><span style=\"font-family: Comic Sans MS,cursive;\"><span style=\"font-size: medium;\">. <\/span><\/span><\/strong><\/p>\n<p><strong><span style=\"font-family: Comic Sans MS,cursive;\"><span style=\"font-size: medium;\"> Ces habilet\u00e9s sont mises en pratique dans le groupe puis test\u00e9es au sein de la cellule familiale, <\/span><\/span><\/strong><strong><span style=\"font-family: Comic Sans MS,cursive;\"><span style=\"font-size: medium;\">aupr\u00e8s de<\/span><\/span><\/strong> <strong><span style=\"font-family: Comic Sans MS,cursive;\"><span style=\"font-size: medium;\">l&rsquo;<\/span><\/span><\/strong><strong><span style=\"font-family: Comic Sans MS,cursive;\"><span style=\"font-size: medium;\">entourage <\/span><\/span><\/strong><strong><span style=\"font-family: Comic Sans MS,cursive;\"><span style=\"font-size: medium;\">ou sur le lieu de travail<\/span><\/span><\/strong><strong><span style=\"font-family: Comic Sans MS,cursive;\"><span style=\"font-size: medium;\">.<\/span><\/span><\/strong><\/p>\n<p><strong><span style=\"color: #00ae00;\"><span style=\"font-family: Comic Sans MS,cursive;\"><span style=\"font-size: medium;\"><em>Une \u00e9ducation respectueuse :<\/em><\/span><\/span><\/span><\/strong><\/p>\n<p><strong><span style=\"font-family: Comic Sans MS,cursive;\"><span style=\"font-size: medium;\"><strong>Ces ateliers ne proposent <strong>pas de recettes<\/strong> toutes faites<\/strong><\/span><\/span><\/strong><strong><span style=\"font-family: Comic Sans MS,cursive;\"><span style=\"font-size: medium;\"> qui r\u00e9soudront \u00e0 coup s\u00fbr les difficult\u00e9s que les parents <\/span><\/span><\/strong><strong><span style=\"font-family: Comic Sans MS,cursive;\"><span style=\"font-size: medium;\">ou adultes<\/span><\/span><\/strong><strong><span style=\"font-family: Comic Sans MS,cursive;\"><span style=\"font-size: medium;\"> peuvent rencontrer. <\/span><\/span><\/strong><\/p>\n<p><strong> <strong><span style=\"font-family: Comic Sans MS,cursive;\"><span style=\"font-size: medium;\"><strong>Ils offrent une <strong>boite \u00e0 outils<\/strong><\/strong><\/span><\/span><\/strong><strong><span style=\"font-family: Comic Sans MS,cursive;\"><span style=\"font-size: medium;\"> qui permet d&rsquo;<strong>am\u00e9liorer les relations avec les enfants, de mieux les comprendre et de s&rsquo;adapter \u00e0 leur comportement, dans le respect des valeurs de chacun<\/strong>.<\/span><\/span><\/strong><\/strong><\/p>\n<p><strong><span style=\"font-family: Comic Sans MS,cursive;\"><span style=\"font-size: medium;\">\u00a0<\/span><\/span><\/strong><\/p>\n<p><strong><span style=\"font-family: Comic Sans MS,cursive;\"><span style=\"font-size: medium;\">Pour toute information compl\u00e9mentaire, n&rsquo;h\u00e9sitez pas \u00e0 nous contacter au 06 06 66 97 92 ou par email \u00e0 info @ aujardindesparents.com.<\/span><\/span><\/strong><\/p>\n<p><strong><span style=\"font-family: Comic Sans MS,cursive;\"><span style=\"font-size: medium;\">\u00a0<\/span><\/span><\/strong><\/p>\n","protected":false},"excerpt":{"rendered":"<p>Apr\u00e8s plus de cinq ann\u00e9es de participation au groupe de guidance parentale anim\u00e9 par le Dr Haim Ginott, psychologue pour enfants et p\u00e8re de la communication efficace, Adele Faber et Elaine Mazlish ont racont\u00e9 leur exp\u00e9rience dans \u00ab Parents \u00e9panouis, &hellip; <a href=\"http:\/\/www.aujardindesparents.com\/?p=16\">Continuer la lecture <span class=\"meta-nav\">&rarr;<\/span><\/a><\/p>\n","protected":false},"author":2,"featured_media":0,"comment_status":"open","ping_status":"open","sticky":false,"template":"","format":"standard","meta":[],"categories":[5],"tags":[],"_links":{"self":[{"href":"http:\/\/www.aujardindesparents.com\/index.php?rest_route=\/wp\/v2\/posts\/16"}],"collection":[{"href":"http:\/\/www.aujardindesparents.com\/index.php?rest_route=\/wp\/v2\/posts"}],"about":[{"href":"http:\/\/www.aujardindesparents.com\/index.php?rest_route=\/wp\/v2\/types\/post"}],"author":[{"embeddable":true,"href":"http:\/\/www.aujardindesparents.com\/index.php?rest_route=\/wp\/v2\/users\/2"}],"replies":[{"embeddable":true,"href":"http:\/\/www.aujardindesparents.com\/index.php?rest_route=%2Fwp%2Fv2%2Fcomments&post=16"}],"version-history":[{"count":18,"href":"http:\/\/www.aujardindesparents.com\/index.php?rest_route=\/wp\/v2\/posts\/16\/revisions"}],"predecessor-version":[{"id":427,"href":"http:\/\/www.aujardindesparents.com\/index.php?rest_route=\/wp\/v2\/posts\/16\/revisions\/427"}],"wp:attachment":[{"href":"http:\/\/www.aujardindesparents.com\/index.php?rest_route=%2Fwp%2Fv2%2Fmedia&parent=16"}],"wp:term":[{"taxonomy":"category","embeddable":true,"href":"http:\/\/www.aujardindesparents.com\/index.php?rest_route=%2Fwp%2Fv2%2Fcategories&post=16"},{"taxonomy":"post_tag","embeddable":true,"href":"http:\/\/www.aujardindesparents.com\/index.php?rest_route=%2Fwp%2Fv2%2Ftags&post=16"}],"curies":[{"name":"wp","href":"https:\/\/api.w.org\/{rel}","templated":true}]}}